{"id":2050002,"date":"2018-01-09T11:02:51","date_gmt":"2018-01-09T11:02:51","guid":{"rendered":"https:\/\/ecg-electro.eu\/televizory-ecg-ziskaly-certifikaci-na-budouci-vysilani-dvb-t2\/"},"modified":"2018-01-09T11:02:51","modified_gmt":"2018-01-09T11:02:51","slug":"televizory-ecg-ziskaly-certifikaci-na-budouci-vysilani-dvb-t2","status":"publish","type":"post","link":"https:\/\/ecg-electro.eu\/cs\/televizory-ecg-ziskaly-certifikaci-na-budouci-vysilani-dvb-t2\/","title":{"rendered":"Televizory ECG z\u00edskaly certifikaci na budouc\u00ed vys\u00edl\u00e1n\u00ed DVB-T2"},"content":{"rendered":"<p><strong>P\u0159ipravenost <a href=\"https:\/\/ecg-electro.eu\/cs\/product-category\/tv-prislusenstvi\/led-tv-cs\/\" target=\"_blank\" rel=\"noopener\">televizor\u016f ECG<\/a> na budouc\u00ed vys\u00edl\u00e1n\u00ed DVB-T2 potvrdily nez\u00e1visl\u00e9 testy spole\u010dnosti \u010cesk\u00e9 Radiokomunikace (\u010cRA), kter\u00e1 model\u016fm televizor\u016f vybaven\u00fdm DVB-T2 tunerem s podporou HEVC.265 ud\u011blila certifik\u00e1t.<\/strong><\/p>\n<p>DVB-T2 je nov\u00e1 generace digit\u00e1ln\u00edho vys\u00edl\u00e1n\u00ed, modern\u011bj\u0161\u00ed n\u00e1stupce sou\u010dasn\u00e9ho pozemn\u00edho digit\u00e1ln\u00edho televizn\u00edho vys\u00edl\u00e1n\u00ed DVB-T. Umo\u017e\u0148uje do jedn\u00e9 vys\u00edlac\u00ed s\u00edt\u011b um\u00edstit v\u00edce televizn\u00edch program\u016f, dokonce i ve vysok\u00e9m rozli\u0161en\u00ed obrazu (HDTV) a dos\u00e1hnout celost\u00e1tn\u00edho pokryt\u00ed s men\u0161\u00edm po\u010dtem frekvenc\u00ed, ne\u017e je tomu nyn\u00ed.<\/p>\n<p style=\"text-align: center\">\n<p>Po roce 2020 bude mo\u017en\u00e9 na klasickou ant\u00e9nu naladit pouze televizn\u00ed vys\u00edl\u00e1n\u00ed ve standardu DVB-T2. Stejn\u00fdm procesem proch\u00e1z\u00ed v\u0161echny evropsk\u00e9 st\u00e1ty, p\u0159i\u010dem\u017e n\u011bkter\u00e9 ho dokonce urychluj\u00ed. Div\u00e1ci, jim\u017e vyhovuje sou\u010dasn\u00e9 vys\u00edl\u00e1n\u00ed ve standardu DVB-T a necht\u011bj\u00ed si hned po spu\u0161t\u011bn\u00ed p\u0159echodov\u00fdch s\u00edt\u00ed DVB-T2 po\u0159izovat nov\u00e9 p\u0159ij\u00edma\u010de, mohou a\u017e do roku 2020 vyu\u017e\u00edvat st\u00e1vaj\u00edc\u00edch s\u00edt\u00ed DVB-T a p\u0159echod na novou technologii \u0159e\u0161it a\u017e t\u011bsn\u011b p\u0159ed vyp\u00edn\u00e1n\u00edm.<\/p>\n<p>Na webu <a href=\"http:\/\/www.dvbt2overeno.cz\/overeni\" target=\"_blank\" rel=\"noopener\">http:\/\/www.dvbt2overeno.cz\/overeni<\/a> najdete kompletn\u00ed seznam ov\u011b\u0159en\u00fdch televizor\u016f od v\u0161ech v\u00fdrobc\u016f, kter\u00e9 budou podporovat DVB-T2 vys\u00edl\u00e1n\u00ed a jsou ji\u017e certifikov\u00e1ny.<\/p>\n<p>Kompletn\u00ed sortiment televizor\u016f ECG naleznete v <a href=\"https:\/\/ecg-electro.eu\/cs\/product-category\/tv-prislusenstvi\/led-tv-cs\/\" target=\"_blank\" rel=\"noopener\"><strong>tomto odkazu<\/strong><\/a>.<\/p>\n","protected":false},"excerpt":{"rendered":"<p>P\u0159ipravenost televizor\u016f ECG na budouc\u00ed vys\u00edl\u00e1n\u00ed DVB-T2 potvrdily nez\u00e1visl\u00e9 testy spole\u010dnosti \u010cesk\u00e9 Radiokomunikace (\u010cRA), kter\u00e1 model\u016fm televizor\u016f vybaven\u00fdm DVB-T2 tunerem s podporou HEVC.265 ud\u011blila certifik\u00e1t. DVB-T2 je nov\u00e1 generace digit\u00e1ln\u00edho vys\u00edl\u00e1n\u00ed, modern\u011bj\u0161\u00ed n\u00e1stupce sou\u010dasn\u00e9ho pozemn\u00edho digit\u00e1ln\u00edho televizn\u00edho vys\u00edl\u00e1n\u00ed DVB-T. Umo\u017e\u0148uje do jedn\u00e9 vys\u00edlac\u00ed s\u00edt\u011b um\u00edstit v\u00edce televizn\u00edch program\u016f, dokonce i ve vysok\u00e9m rozli\u0161en\u00ed obrazu (HDTV) [&hellip;]<\/p>\n","protected":false},"author":0,"featured_media":2050003,"comment_status":"closed","ping_status":"closed","sticky":false,"template":"","format":"standard","meta":{"_acf_changed":false,"_monsterinsights_skip_tracking":false,"_monsterinsights_sitenote_active":false,"_monsterinsights_sitenote_note":"","_monsterinsights_sitenote_category":0,"footnotes":""},"categories":[],"tags":[],"class_list":["post-2050002","post","type-post","status-publish","format-standard","has-post-thumbnail","hentry"],"acf":[],"_links":{"self":[{"href":"https:\/\/ecg-electro.eu\/cs\/wp-json\/wp\/v2\/posts\/2050002","targetHints":{"allow":["GET"]}}],"collection":[{"href":"https:\/\/ecg-electro.eu\/cs\/wp-json\/wp\/v2\/posts"}],"about":[{"href":"https:\/\/ecg-electro.eu\/cs\/wp-json\/wp\/v2\/types\/post"}],"replies":[{"embeddable":true,"href":"https:\/\/ecg-electro.eu\/cs\/wp-json\/wp\/v2\/comments?post=2050002"}],"version-history":[{"count":0,"href":"https:\/\/ecg-electro.eu\/cs\/wp-json\/wp\/v2\/posts\/2050002\/revisions"}],"wp:featuredmedia":[{"embeddable":true,"href":"https:\/\/ecg-electro.eu\/cs\/wp-json\/wp\/v2\/media\/2050003"}],"wp:attachment":[{"href":"https:\/\/ecg-electro.eu\/cs\/wp-json\/wp\/v2\/media?parent=2050002"}],"wp:term":[{"taxonomy":"category","embeddable":true,"href":"https:\/\/ecg-electro.eu\/cs\/wp-json\/wp\/v2\/categories?post=2050002"},{"taxonomy":"post_tag","embeddable":true,"href":"https:\/\/ecg-electro.eu\/cs\/wp-json\/wp\/v2\/tags?post=2050002"}],"curies":[{"name":"wp","href":"https:\/\/api.w.org\/{rel}","templated":true}]}}